{"id":69034,"date":"2023-05-19T22:30:40","date_gmt":"2023-05-19T21:30:40","guid":{"rendered":"https:\/\/eco123.info\/en\/?p=69034"},"modified":"2023-05-19T22:30:40","modified_gmt":"2023-05-19T21:30:40","slug":"this-is-where-europe-ends-this-is-where-europe-begins","status":"publish","type":"post","link":"https:\/\/eco123.info\/en\/news\/this-is-where-europe-ends-this-is-where-europe-begins\/","title":{"rendered":"\u201eThis is where Europe ends. This is where Europe begins&#8230;\u201c"},"content":{"rendered":"<p><em>Getting to know Portugal also means getting to know its culture and its climate, its people and its regional history. Situated in the mountain range of the same name, Monchique lies in the far southwestern corner of Portugal. <strong>Caldas de Monchique<\/strong> marks the starting point and the finishing point of our guided Monchique Mountain Hike. <\/em><\/p>\n<p><em> <a href=\"http:\/\/eco123.info\/wp-content\/uploads\/Monchique-Maratona_mapa_2.jpg\"><img loading=\"lazy\" decoding=\"async\" class=\"aligncenter wp-image-69030\" src=\"http:\/\/eco123.info\/wp-content\/uploads\/Monchique-Maratona_mapa_2.jpg\" alt=\"\" width=\"651\" height=\"398\" srcset=\"https:\/\/eco123.info\/wp-content\/uploads\/Monchique-Maratona_mapa_2.jpg 1000w, https:\/\/eco123.info\/wp-content\/uploads\/Monchique-Maratona_mapa_2-768x469.jpg 768w, https:\/\/eco123.info\/wp-content\/uploads\/Monchique-Maratona_mapa_2-24x15.jpg 24w, https:\/\/eco123.info\/wp-content\/uploads\/Monchique-Maratona_mapa_2-36x22.jpg 36w, https:\/\/eco123.info\/wp-content\/uploads\/Monchique-Maratona_mapa_2-77x47.jpg 77w\" sizes=\"auto, (max-width: 651px) 100vw, 651px\" \/><\/a><\/em><\/p>\n<p><em>On the first day guests make their own way by train to Portim\u00e3o and on by bus to Caldas de Monchique (VAMUS, Line 94) to get to know the village and the accommodation (Orientation Day). The hiking guide, having lived and worked here for donkey\u2019s years, welcomes the participants in several languages in Caldas. This one-week long distance hike is a loop trail covering some 50 km overall.<\/em><\/p>\n<p><strong>On day 2<\/strong> the first stage leads from Caldas (251m above sea level) via Esgravatadouro (299m above sea level) to Fornalha (<strong>Part 1, six km<\/strong>). This is where a steep climb awaits (<strong>Part 2, five km<\/strong>) leading up to the summit of Picota (776m above sea level). At the half-way point walkers reach the hamlet of Corte Grande, with the hike continuing past the oldest cork oaks of the Algarve, their canopies offering the opportunity for a shady rest stop with picnic. On the way up to the summit of Picota, cloudless days offer up a panoramic view of the southwestern cape of Portugal (60 km away) with Faro visible 75 km to the southwest. Far away, both to the west and to the south, the horizon aligns with the sea. <em>This is where Europe ends. This is where Europe begins.<\/em> During our descent down to Monchique (<strong>Distance 3, five km<\/strong>) we meet an interesting botanic mix of chestnuts, cork oaks and strawberry trees, as well as a few fields that are still cultivated by local agriculture. So the first hiking day ends in Monchique. For the way back to our accommodation in Caldas we board the scheduled 94 service at 5.30pm (16 km in total).<\/p>\n<p><strong>Day 3 Rest Day,<\/strong> (optional activity: visiting the olive mill in Pardieros, transfer by e-mobile)<\/p>\n<p>&nbsp;<\/p>\n<p><a href=\"http:\/\/eco123.info\/wp-content\/uploads\/mmm_10.jpg\"><img loading=\"lazy\" decoding=\"async\" class=\"aligncenter wp-image-55246\" src=\"http:\/\/eco123.info\/wp-content\/uploads\/mmm_10.jpg\" alt=\"\" width=\"650\" height=\"441\" srcset=\"https:\/\/eco123.info\/wp-content\/uploads\/mmm_10.jpg 1024w, https:\/\/eco123.info\/wp-content\/uploads\/mmm_10-768x521.jpg 768w, https:\/\/eco123.info\/wp-content\/uploads\/mmm_10-110x75.jpg 110w\" sizes=\"auto, (max-width: 650px) 100vw, 650px\" \/><\/a><\/p>\n<p><strong>On the fourth day,<\/strong> following our rest day in Caldas, we once more board the bus 94 from Caldas (9.34) up to Monchique. We take a coffee or tea. The second stretch leads from Monchique (450m above sea level) to the second, and highest, summit of the mountain range, up to Fo\u00eda, at 902m above sea level (<strong>Part 4, five km<\/strong>). Our trail leads past the ruined convent, a striking presence above Monchique at 550m. Hiking uphill through eucalyptus forests, we reach a plateau, from which the trail carries on, still slightly uphill, through ferns, hawthorn bushes and fountains (sowing and harvesting water). This is where shepherds lead goats, sheep and cows to open pasture. After some two hours\u2019 slow walking we reach Fo\u00eda. In good weather this is our picnic spot: a meadow with sea view. In the event of rain<em> let\u2019s make a run for it to<\/em> the restaurant on top of the summit. After that we take the path past the five wind power masts to Almarj\u00e3o, in the direction of Marmelete (<strong>Part 5, ten km<\/strong>). A visit to the <em>medronho <\/em>museum, run by the Marmelete municipality, is a good choice for the afternoon of the second hiking day. This marks the gentle end to our hike, with the municipal bus taking us back to Caldas (15 km in total).<\/p>\n<p><strong>Day 5 Rest Day<\/strong> (optional activities: taking the waters, spa, massages and sauna)<\/p>\n<p><strong>On the sixth day,<\/strong> the small bus takes us from our accommodation to Almarj\u00e3o. On the last hiking day we walk from Almarj\u00e3o through the Vale de Figueiras downhill to Casais (<strong>Part 6, four km<\/strong>) and then through the valley to the Castelo de Nave (<strong>Part 7, three km<\/strong>) and past orchards back to Caldas de Monchique (<strong>Part 8, five km<\/strong>). In Caldas de Monchique we celebrate the end of our hiking week with a shared meal for our small group with a representative of the community, and a tree-planting ceremony to remember the hike by (12 km in total).<\/p>\n<p>&nbsp;<\/p>\n<p><a href=\"http:\/\/eco123.info\/wp-content\/uploads\/mmm_01.jpg\"><img loading=\"lazy\" decoding=\"async\" class=\"aligncenter wp-image-55219\" src=\"http:\/\/eco123.info\/wp-content\/uploads\/mmm_01.jpg\" alt=\"\" width=\"649\" height=\"402\" srcset=\"https:\/\/eco123.info\/wp-content\/uploads\/mmm_01.jpg 1024w, https:\/\/eco123.info\/wp-content\/uploads\/mmm_01-768x476.jpg 768w\" sizes=\"auto, (max-width: 649px) 100vw, 649px\" \/><\/a><\/p>\n<p><strong>Monchique Mountain Long Distance Hike <\/strong>is a weekly readers\u2019 trip organized by ECO123, always starting on a\u00a0 Sunday, running from 5 November 2023 onwards all through the autumn and winter of 2023\/24 through spring 2024 and always ending on a Saturday \u2013 and may be reserved on a weekly basis. Groups between 4 and 6 guests walk with one hiking guide; groups between 7 and 12 guests with two hiking guides.<\/p>\n<p>For dates and prices contact <a href=\"mailto:theobald.tiger8550@gmail.com\">theobald.tiger8550@gmail.com<\/a> \u2013 or in writing: Tempo Passa Boa Viagem, Publica\u00e7\u00f5es e Marketing e Prote\u00e7\u00e3o da Natureza Lda. &#8211; CCI Esgravatadouro 216 Z \u2013 PT 8550-267 Monchique &#8211; telephone +351-918 818 108<\/p>\n<p>&nbsp;<\/p>\n","protected":false},"excerpt":{"rendered":"<p>Getting to know Portugal also means getting to know its culture and its climate, its people and its regional history. Situated in the mountain range of the same name, Monchique lies in the far southwestern corner of Portugal. Caldas de Monchique marks the starting point and the finishing point of our guided Monchique Mountain Hike. &hellip;<\/p>\n","protected":false},"author":3761,"featured_media":55241,"comment_status":"closed","ping_status":"closed","sticky":false,"template":"","format":"standard","meta":{"pmpro_default_level":"","_exactmetrics_skip_tracking":false,"footnotes":""},"categories":[161,173,1417],"tags":[],"class_list":["post-69034","post","type-post","status-publish","format-standard","has-post-thumbnail","","category-news","category-portugal-en","category-zw1-en","pmpro-has-access"],"yoast_head":"<!-- This site is optimized with the Yoast SEO plugin v28.3 - https:\/\/yoast.com\/product\/yoast-seo-wordpress\/ -->\n<title>\u201eThis is where Europe ends. This is where Europe begins...\u201c - Eco123<\/title>\n<meta name=\"robots\" content=\"index, follow, max-snippet:-1, max-image-preview:large, max-video-preview:-1\" \/>\n<link rel=\"canonical\" href=\"https:\/\/eco123.info\/en\/news\/this-is-where-europe-ends-this-is-where-europe-begins\/\" \/>\n<meta property=\"og:locale\" content=\"en_US\" \/>\n<meta property=\"og:type\" content=\"article\" \/>\n<meta property=\"og:title\" content=\"\u201eThis is where Europe ends. This is where Europe begins...\u201c - Eco123\" \/>\n<meta property=\"og:description\" content=\"Getting to know Portugal also means getting to know its culture and its climate, its people and its regional history. Situated in the mountain range of the same name, Monchique lies in the far southwestern corner of Portugal. Caldas de Monchique marks the starting point and the finishing point of our guided Monchique Mountain Hike. &hellip;\" \/>\n<meta property=\"og:url\" content=\"https:\/\/eco123.info\/en\/news\/this-is-where-europe-ends-this-is-where-europe-begins\/\" \/>\n<meta property=\"og:site_name\" content=\"Eco123\" \/>\n<meta property=\"article:published_time\" content=\"2023-05-19T21:30:40+00:00\" \/>\n<meta property=\"og:image\" content=\"https:\/\/eco123.info\/wp-content\/uploads\/mmm_08-1-1024x634.jpg\" \/>\n\t<meta property=\"og:image:width\" content=\"1024\" \/>\n\t<meta property=\"og:image:height\" content=\"634\" \/>\n\t<meta property=\"og:image:type\" content=\"image\/jpeg\" \/>\n<meta name=\"author\" content=\"Thomas Reuffurth\" \/>\n<meta name=\"twitter:card\" content=\"summary_large_image\" \/>\n<meta name=\"twitter:label1\" content=\"Written by\" \/>\n\t<meta name=\"twitter:data1\" content=\"Thomas Reuffurth\" \/>\n\t<meta name=\"twitter:label2\" content=\"Est. reading time\" \/>\n\t<meta name=\"twitter:data2\" content=\"4 minutes\" \/>\n<script type=\"application\/ld+json\" class=\"yoast-schema-graph\">{\"@context\":\"https:\\\/\\\/schema.org\",\"@graph\":[{\"@type\":\"Article\",\"@id\":\"https:\\\/\\\/eco123.info\\\/en\\\/news\\\/this-is-where-europe-ends-this-is-where-europe-begins\\\/#article\",\"isPartOf\":{\"@id\":\"https:\\\/\\\/eco123.info\\\/en\\\/news\\\/this-is-where-europe-ends-this-is-where-europe-begins\\\/\"},\"author\":{\"name\":\"Thomas Reuffurth\",\"@id\":\"https:\\\/\\\/eco123.info\\\/en\\\/#\\\/schema\\\/person\\\/415e54d47031037961c3ef9feb58a579\"},\"headline\":\"\u201eThis is where Europe ends. This is where Europe begins&#8230;\u201c\",\"datePublished\":\"2023-05-19T21:30:40+00:00\",\"mainEntityOfPage\":{\"@id\":\"https:\\\/\\\/eco123.info\\\/en\\\/news\\\/this-is-where-europe-ends-this-is-where-europe-begins\\\/\"},\"wordCount\":778,\"publisher\":{\"@id\":\"https:\\\/\\\/eco123.info\\\/en\\\/#organization\"},\"image\":{\"@id\":\"https:\\\/\\\/eco123.info\\\/en\\\/news\\\/this-is-where-europe-ends-this-is-where-europe-begins\\\/#primaryimage\"},\"thumbnailUrl\":\"https:\\\/\\\/eco123.info\\\/wp-content\\\/uploads\\\/mmm_08-1.jpg\",\"articleSection\":[\"News\",\"Portugal\",\"ZW1\"],\"inLanguage\":\"en-US\"},{\"@type\":\"WebPage\",\"@id\":\"https:\\\/\\\/eco123.info\\\/en\\\/news\\\/this-is-where-europe-ends-this-is-where-europe-begins\\\/\",\"url\":\"https:\\\/\\\/eco123.info\\\/en\\\/news\\\/this-is-where-europe-ends-this-is-where-europe-begins\\\/\",\"name\":\"\u201eThis is where Europe ends. This is where Europe begins...\u201c - Eco123\",\"isPartOf\":{\"@id\":\"https:\\\/\\\/eco123.info\\\/en\\\/#website\"},\"primaryImageOfPage\":{\"@id\":\"https:\\\/\\\/eco123.info\\\/en\\\/news\\\/this-is-where-europe-ends-this-is-where-europe-begins\\\/#primaryimage\"},\"image\":{\"@id\":\"https:\\\/\\\/eco123.info\\\/en\\\/news\\\/this-is-where-europe-ends-this-is-where-europe-begins\\\/#primaryimage\"},\"thumbnailUrl\":\"https:\\\/\\\/eco123.info\\\/wp-content\\\/uploads\\\/mmm_08-1.jpg\",\"datePublished\":\"2023-05-19T21:30:40+00:00\",\"breadcrumb\":{\"@id\":\"https:\\\/\\\/eco123.info\\\/en\\\/news\\\/this-is-where-europe-ends-this-is-where-europe-begins\\\/#breadcrumb\"},\"inLanguage\":\"en-US\",\"potentialAction\":[{\"@type\":\"ReadAction\",\"target\":[\"https:\\\/\\\/eco123.info\\\/en\\\/news\\\/this-is-where-europe-ends-this-is-where-europe-begins\\\/\"]}]},{\"@type\":\"ImageObject\",\"inLanguage\":\"en-US\",\"@id\":\"https:\\\/\\\/eco123.info\\\/en\\\/news\\\/this-is-where-europe-ends-this-is-where-europe-begins\\\/#primaryimage\",\"url\":\"https:\\\/\\\/eco123.info\\\/wp-content\\\/uploads\\\/mmm_08-1.jpg\",\"contentUrl\":\"https:\\\/\\\/eco123.info\\\/wp-content\\\/uploads\\\/mmm_08-1.jpg\",\"width\":1024,\"height\":634},{\"@type\":\"BreadcrumbList\",\"@id\":\"https:\\\/\\\/eco123.info\\\/en\\\/news\\\/this-is-where-europe-ends-this-is-where-europe-begins\\\/#breadcrumb\",\"itemListElement\":[{\"@type\":\"ListItem\",\"position\":1,\"name\":\"In\u00edcio\",\"item\":\"https:\\\/\\\/eco123.info\\\/en\\\/\"},{\"@type\":\"ListItem\",\"position\":2,\"name\":\"\u201eThis is where Europe ends. This is where Europe begins&#8230;\u201c\"}]},{\"@type\":\"WebSite\",\"@id\":\"https:\\\/\\\/eco123.info\\\/en\\\/#website\",\"url\":\"https:\\\/\\\/eco123.info\\\/en\\\/\",\"name\":\"Eco123\",\"description\":\"Revista da Economia e Ecologia\",\"publisher\":{\"@id\":\"https:\\\/\\\/eco123.info\\\/en\\\/#organization\"},\"potentialAction\":[{\"@type\":\"SearchAction\",\"target\":{\"@type\":\"EntryPoint\",\"urlTemplate\":\"https:\\\/\\\/eco123.info\\\/en\\\/?s={search_term_string}\"},\"query-input\":{\"@type\":\"PropertyValueSpecification\",\"valueRequired\":true,\"valueName\":\"search_term_string\"}}],\"inLanguage\":\"en-US\"},{\"@type\":\"Organization\",\"@id\":\"https:\\\/\\\/eco123.info\\\/en\\\/#organization\",\"name\":\"Editora ECO123, Publica\u00e7\u00f5es e Produ\u00e7\u00f5es de Filme\",\"url\":\"https:\\\/\\\/eco123.info\\\/en\\\/\",\"logo\":{\"@type\":\"ImageObject\",\"inLanguage\":\"en-US\",\"@id\":\"https:\\\/\\\/eco123.info\\\/en\\\/#\\\/schema\\\/logo\\\/image\\\/\",\"url\":\"https:\\\/\\\/eco123.info\\\/wp-content\\\/uploads\\\/logoeco123.png\",\"contentUrl\":\"https:\\\/\\\/eco123.info\\\/wp-content\\\/uploads\\\/logoeco123.png\",\"width\":311,\"height\":78,\"caption\":\"Editora ECO123, Publica\u00e7\u00f5es e Produ\u00e7\u00f5es de Filme\"},\"image\":{\"@id\":\"https:\\\/\\\/eco123.info\\\/en\\\/#\\\/schema\\\/logo\\\/image\\\/\"}},{\"@type\":\"Person\",\"@id\":\"https:\\\/\\\/eco123.info\\\/en\\\/#\\\/schema\\\/person\\\/415e54d47031037961c3ef9feb58a579\",\"name\":\"Thomas Reuffurth\",\"image\":{\"@type\":\"ImageObject\",\"inLanguage\":\"en-US\",\"@id\":\"https:\\\/\\\/secure.gravatar.com\\\/avatar\\\/4b4fedc41ed0f76da92c0e4385b29ae7b750378d0907919a2ffb94813d1395bc?s=96&d=mm&r=g\",\"url\":\"https:\\\/\\\/secure.gravatar.com\\\/avatar\\\/4b4fedc41ed0f76da92c0e4385b29ae7b750378d0907919a2ffb94813d1395bc?s=96&d=mm&r=g\",\"contentUrl\":\"https:\\\/\\\/secure.gravatar.com\\\/avatar\\\/4b4fedc41ed0f76da92c0e4385b29ae7b750378d0907919a2ffb94813d1395bc?s=96&d=mm&r=g\",\"caption\":\"Thomas Reuffurth\"},\"url\":\"https:\\\/\\\/eco123.info\\\/en\\\/author\\\/thomas\\\/\"}]}<\/script>\n<!-- \/ Yoast SEO plugin. -->","yoast_head_json":{"title":"\u201eThis is where Europe ends. This is where Europe begins...\u201c - Eco123","robots":{"index":"index","follow":"follow","max-snippet":"max-snippet:-1","max-image-preview":"max-image-preview:large","max-video-preview":"max-video-preview:-1"},"canonical":"https:\/\/eco123.info\/en\/news\/this-is-where-europe-ends-this-is-where-europe-begins\/","og_locale":"en_US","og_type":"article","og_title":"\u201eThis is where Europe ends. This is where Europe begins...\u201c - Eco123","og_description":"Getting to know Portugal also means getting to know its culture and its climate, its people and its regional history. Situated in the mountain range of the same name, Monchique lies in the far southwestern corner of Portugal. Caldas de Monchique marks the starting point and the finishing point of our guided Monchique Mountain Hike. &hellip;","og_url":"https:\/\/eco123.info\/en\/news\/this-is-where-europe-ends-this-is-where-europe-begins\/","og_site_name":"Eco123","article_published_time":"2023-05-19T21:30:40+00:00","og_image":[{"width":1024,"height":634,"url":"https:\/\/eco123.info\/wp-content\/uploads\/mmm_08-1-1024x634.jpg","type":"image\/jpeg"}],"author":"Thomas Reuffurth","twitter_card":"summary_large_image","twitter_misc":{"Written by":"Thomas Reuffurth","Est. reading time":"4 minutes"},"schema":{"@context":"https:\/\/schema.org","@graph":[{"@type":"Article","@id":"https:\/\/eco123.info\/en\/news\/this-is-where-europe-ends-this-is-where-europe-begins\/#article","isPartOf":{"@id":"https:\/\/eco123.info\/en\/news\/this-is-where-europe-ends-this-is-where-europe-begins\/"},"author":{"name":"Thomas Reuffurth","@id":"https:\/\/eco123.info\/en\/#\/schema\/person\/415e54d47031037961c3ef9feb58a579"},"headline":"\u201eThis is where Europe ends. This is where Europe begins&#8230;\u201c","datePublished":"2023-05-19T21:30:40+00:00","mainEntityOfPage":{"@id":"https:\/\/eco123.info\/en\/news\/this-is-where-europe-ends-this-is-where-europe-begins\/"},"wordCount":778,"publisher":{"@id":"https:\/\/eco123.info\/en\/#organization"},"image":{"@id":"https:\/\/eco123.info\/en\/news\/this-is-where-europe-ends-this-is-where-europe-begins\/#primaryimage"},"thumbnailUrl":"https:\/\/eco123.info\/wp-content\/uploads\/mmm_08-1.jpg","articleSection":["News","Portugal","ZW1"],"inLanguage":"en-US"},{"@type":"WebPage","@id":"https:\/\/eco123.info\/en\/news\/this-is-where-europe-ends-this-is-where-europe-begins\/","url":"https:\/\/eco123.info\/en\/news\/this-is-where-europe-ends-this-is-where-europe-begins\/","name":"\u201eThis is where Europe ends. This is where Europe begins...\u201c - Eco123","isPartOf":{"@id":"https:\/\/eco123.info\/en\/#website"},"primaryImageOfPage":{"@id":"https:\/\/eco123.info\/en\/news\/this-is-where-europe-ends-this-is-where-europe-begins\/#primaryimage"},"image":{"@id":"https:\/\/eco123.info\/en\/news\/this-is-where-europe-ends-this-is-where-europe-begins\/#primaryimage"},"thumbnailUrl":"https:\/\/eco123.info\/wp-content\/uploads\/mmm_08-1.jpg","datePublished":"2023-05-19T21:30:40+00:00","breadcrumb":{"@id":"https:\/\/eco123.info\/en\/news\/this-is-where-europe-ends-this-is-where-europe-begins\/#breadcrumb"},"inLanguage":"en-US","potentialAction":[{"@type":"ReadAction","target":["https:\/\/eco123.info\/en\/news\/this-is-where-europe-ends-this-is-where-europe-begins\/"]}]},{"@type":"ImageObject","inLanguage":"en-US","@id":"https:\/\/eco123.info\/en\/news\/this-is-where-europe-ends-this-is-where-europe-begins\/#primaryimage","url":"https:\/\/eco123.info\/wp-content\/uploads\/mmm_08-1.jpg","contentUrl":"https:\/\/eco123.info\/wp-content\/uploads\/mmm_08-1.jpg","width":1024,"height":634},{"@type":"BreadcrumbList","@id":"https:\/\/eco123.info\/en\/news\/this-is-where-europe-ends-this-is-where-europe-begins\/#breadcrumb","itemListElement":[{"@type":"ListItem","position":1,"name":"In\u00edcio","item":"https:\/\/eco123.info\/en\/"},{"@type":"ListItem","position":2,"name":"\u201eThis is where Europe ends. This is where Europe begins&#8230;\u201c"}]},{"@type":"WebSite","@id":"https:\/\/eco123.info\/en\/#website","url":"https:\/\/eco123.info\/en\/","name":"Eco123","description":"Revista da Economia e Ecologia","publisher":{"@id":"https:\/\/eco123.info\/en\/#organization"},"potentialAction":[{"@type":"SearchAction","target":{"@type":"EntryPoint","urlTemplate":"https:\/\/eco123.info\/en\/?s={search_term_string}"},"query-input":{"@type":"PropertyValueSpecification","valueRequired":true,"valueName":"search_term_string"}}],"inLanguage":"en-US"},{"@type":"Organization","@id":"https:\/\/eco123.info\/en\/#organization","name":"Editora ECO123, Publica\u00e7\u00f5es e Produ\u00e7\u00f5es de Filme","url":"https:\/\/eco123.info\/en\/","logo":{"@type":"ImageObject","inLanguage":"en-US","@id":"https:\/\/eco123.info\/en\/#\/schema\/logo\/image\/","url":"https:\/\/eco123.info\/wp-content\/uploads\/logoeco123.png","contentUrl":"https:\/\/eco123.info\/wp-content\/uploads\/logoeco123.png","width":311,"height":78,"caption":"Editora ECO123, Publica\u00e7\u00f5es e Produ\u00e7\u00f5es de Filme"},"image":{"@id":"https:\/\/eco123.info\/en\/#\/schema\/logo\/image\/"}},{"@type":"Person","@id":"https:\/\/eco123.info\/en\/#\/schema\/person\/415e54d47031037961c3ef9feb58a579","name":"Thomas Reuffurth","image":{"@type":"ImageObject","inLanguage":"en-US","@id":"https:\/\/secure.gravatar.com\/avatar\/4b4fedc41ed0f76da92c0e4385b29ae7b750378d0907919a2ffb94813d1395bc?s=96&d=mm&r=g","url":"https:\/\/secure.gravatar.com\/avatar\/4b4fedc41ed0f76da92c0e4385b29ae7b750378d0907919a2ffb94813d1395bc?s=96&d=mm&r=g","contentUrl":"https:\/\/secure.gravatar.com\/avatar\/4b4fedc41ed0f76da92c0e4385b29ae7b750378d0907919a2ffb94813d1395bc?s=96&d=mm&r=g","caption":"Thomas Reuffurth"},"url":"https:\/\/eco123.info\/en\/author\/thomas\/"}]}},"_links":{"self":[{"href":"https:\/\/eco123.info\/en\/wp-json\/wp\/v2\/posts\/69034","targetHints":{"allow":["GET"]}}],"collection":[{"href":"https:\/\/eco123.info\/en\/wp-json\/wp\/v2\/posts"}],"about":[{"href":"https:\/\/eco123.info\/en\/wp-json\/wp\/v2\/types\/post"}],"author":[{"embeddable":true,"href":"https:\/\/eco123.info\/en\/wp-json\/wp\/v2\/users\/3761"}],"replies":[{"embeddable":true,"href":"https:\/\/eco123.info\/en\/wp-json\/wp\/v2\/comments?post=69034"}],"version-history":[{"count":0,"href":"https:\/\/eco123.info\/en\/wp-json\/wp\/v2\/posts\/69034\/revisions"}],"wp:featuredmedia":[{"embeddable":true,"href":"https:\/\/eco123.info\/en\/wp-json\/wp\/v2\/media\/55241"}],"wp:attachment":[{"href":"https:\/\/eco123.info\/en\/wp-json\/wp\/v2\/media?parent=69034"}],"wp:term":[{"taxonomy":"category","embeddable":true,"href":"https:\/\/eco123.info\/en\/wp-json\/wp\/v2\/categories?post=69034"},{"taxonomy":"post_tag","embeddable":true,"href":"https:\/\/eco123.info\/en\/wp-json\/wp\/v2\/tags?post=69034"}],"curies":[{"name":"wp","href":"https:\/\/api.w.org\/{rel}","templated":true}]}}